{"id":106497,"date":"2026-04-27T16:20:46","date_gmt":"2026-04-27T14:20:46","guid":{"rendered":"https:\/\/www.borgodepazzi.com\/senza-categoria\/avoin-paiva-francesca-frainodin-kanssa"},"modified":"2026-04-27T16:20:47","modified_gmt":"2026-04-27T14:20:47","slug":"avoin-paiva-francesca-frainodin-kanssa","status":"publish","type":"post","link":"https:\/\/www.borgodepazzi.com\/fi\/senza-categoria\/avoin-paiva-francesca-frainodin-kanssa","title":{"rendered":"AVOIN P\u00c4IV\u00c4 FRANCESCA FRAINODIn kanssa"},"content":{"rendered":"\n<p>Yrityksemme on avoinna yksityishenkil\u00f6ille 9. toukokuuta (koko p\u00e4iv\u00e4n) ja 10. toukokuuta (vain aamup\u00e4iv\u00e4ll\u00e4).<\/p>\n\n<p>Voit osallistua ty\u00f6pajaan yhdess\u00e4 Francescan kanssa ostamalla erityisesti tapahtumaa varten luodun paketin tai tulla ostamaan sen vapaasti.<\/p>\n\n<p>Klikkaa alla lis\u00e4tietoja<\/p>\n\n<p><\/p>\n<div data-block-name=\"woocommerce\/featured-product\" data-product-id=\"102910\" class=\"wc-block-featured-product alignnone has-background-dim wp-block-woocommerce-featured-product\" style=\"min-height:500px;\"><div class=\"wc-block-featured-product__wrapper\"><div class=\"background-dim__overlay\" style=\"background-color: #000000\"><\/div><img decoding=\"async\" alt=\"Kit Rattan Open Day di Francesca Frainodi\" class=\"wc-block-featured-product__background-image\" src=\"https:\/\/www.borgodepazzi.com\/wp-content\/uploads\/2026\/03\/WhatsApp-Image-2026-03-25-at-15.08.34-768x1024.jpeg\" style=\"object-fit: none;object-position: 50% 50%;\" \/><div class=\"wc-block-featured-product__inner-blocks\">\n<h2 class=\"has-text-align-center wp-block-post-title\"><a data-wp-on--click=\"woocommerce\/product-collection::actions.viewProduct\" href=\"https:\/\/www.borgodepazzi.com\/fi\/prodotto\/kit-rattan-open-day-di-francesca-frainodi\" target=\"_self\" >Kit Rattan Open Day di Francesca Frainodi<\/a><\/h2>\n\n<div data-block-name=\"woocommerce\/product-summary\" data-show-description-if-empty=\"true\" data-style=\"{&quot;typography&quot;:{&quot;textAlign&quot;:&quot;center&quot;}}\" data-summary-length=\"80\" class=\"wp-block-woocommerce-product-summary\"><div class=\"wc-block-components-product-summary has-text-align-center\" style=\"\">\n\t\t\t\t<p>Il kit , che sar\u00e0 consegnato di presenza, comprende :<\/p>\n<ul>\n<li>1 rocca INDA BIG<\/li>\n<li>UNCINETTO DOPPIA PUNTA<\/li>\n<li>FODERA TONO SU TONO<\/li>\n<li>MANICI STESSO COLORE INDA BIG<\/li>\n<\/ul>\n<p>USA IL CODICE SCONTO &#8220;<strong>RATTANOPENDAY<\/strong>&#8221; per togliere le spese di spedizione<\/p>\n\n\t\t\t<\/div><\/div>\n\n<div data-block-name=\"woocommerce\/product-price\" data-style=\"{&quot;spacing&quot;:{&quot;padding&quot;:{&quot;bottom&quot;:&quot;16px&quot;}}}\" data-text-align=\"center\" style=\"padding-bottom:16px; padding-bottom:16px;\" class=\"has-text-align-center wp-block-woocommerce-product-price\" ><div class=\"wc-block-components-product-price wc-block-grid__product-price\" >\n\t\t\t\t\t\n\t\t\t\t<\/div><\/div>\n\n\n<div class=\"wp-block-buttons is-content-justification-center is-layout-flex wp-container-core-buttons-is-layout-16018d1d wp-block-buttons-is-layout-flex\">\n<div class=\"wp-block-button\"><a class=\"wp-block-button__link wp-element-button\" href=\"https:\/\/www.borgodepazzi.com\/prodotto\/kit-rattan-open-day-di-francesca-frainodi\">Osta nyt<\/a><\/div>\n<\/div>\n\n<\/div><\/div><\/div>","protected":false},"excerpt":{"rendered":"<p>Yrityksemme on avoinna yksityishenkil\u00f6ille 9. toukokuuta (koko p\u00e4iv\u00e4n) ja 10. toukokuuta (vain aamup\u00e4iv\u00e4ll\u00e4). Voit osallistua ty\u00f6pajaan yhdess\u00e4 Francescan kanssa ostamalla erityisesti tapahtumaa varten luodun paketin tai tulla ostamaan sen vapaasti. Klikkaa alla lis\u00e4tietoja<\/p>\n<div class=\"more-link-wrapper\"><a class=\"more-link\" href=\"https:\/\/www.borgodepazzi.com\/fi\/prodotto\/kit-rattan-open-day-di-francesca-frainodi\">Read More<span class=\"screen-reader-text\">Kit Rattan Open Day di Francesca Frainodi<\/span><\/a><\/div>\n","protected":false},"author":1,"featured_media":106498,"comment_status":"closed","ping_status":"closed","sticky":false,"template":"","format":"standard","meta":{"_monsterinsights_skip_tracking":false,"_monsterinsights_sitenote_active":false,"_monsterinsights_sitenote_note":"","_monsterinsights_sitenote_category":0,"_uf_show_specific_survey":0,"_uf_disable_surveys":false,"footnotes":""},"categories":[1],"tags":[],"class_list":["post-106497","post","type-post","status-publish","format-standard","has-post-thumbnail","hentry","category-senza-categoria","excerpt"],"yoast_head":"<!-- This site is optimized with the Yoast SEO plugin v27.4 - https:\/\/yoast.com\/product\/yoast-seo-wordpress\/ -->\n<title>Borgo de&#039; Pazzi Firenze<\/title>\n<meta name=\"description\" content=\"Natural fibers yarns since 1978\" \/>\n<meta name=\"robots\" content=\"index, follow, max-snippet:-1, max-image-preview:large, max-video-preview:-1\" \/>\n<link rel=\"canonical\" href=\"https:\/\/www.borgodepazzi.com\/fi\/senza-categoria\/avoin-paiva-francesca-frainodin-kanssa\" \/>\n<meta property=\"og:locale\" content=\"fi_FI\" \/>\n<meta property=\"og:type\" content=\"article\" \/>\n<meta property=\"og:title\" content=\"Borgo de&#039; Pazzi Firenze\" \/>\n<meta property=\"og:url\" content=\"https:\/\/www.borgodepazzi.com\/fi\/senza-categoria\/avoin-paiva-francesca-frainodin-kanssa\" \/>\n<meta property=\"og:site_name\" content=\"Borgo de&#039; Pazzi - Firenze\" \/>\n<meta property=\"article:publisher\" content=\"https:\/\/www.facebook.com\/BorgoDePazziFIrenze\/\" \/>\n<meta property=\"article:published_time\" content=\"2026-04-27T14:20:46+00:00\" \/>\n<meta property=\"article:modified_time\" content=\"2026-04-27T14:20:47+00:00\" \/>\n<meta property=\"og:image\" content=\"https:\/\/www.borgodepazzi.com\/wp-content\/uploads\/2026\/03\/WhatsApp-Image-2026-03-25-at-15.08.34.jpeg\" \/>\n\t<meta property=\"og:image:width\" content=\"1536\" \/>\n\t<meta property=\"og:image:height\" content=\"2048\" \/>\n\t<meta property=\"og:image:type\" content=\"image\/jpeg\" \/>\n<meta name=\"author\" content=\"admin\" \/>\n<meta name=\"twitter:card\" content=\"summary_large_image\" \/>\n<meta name=\"twitter:creator\" content=\"@BorgodePazzi\" \/>\n<meta name=\"twitter:site\" content=\"@BorgodePazzi\" \/>\n<meta name=\"twitter:label1\" content=\"Written by\" \/>\n\t<meta name=\"twitter:data1\" content=\"admin\" \/>\n<script type=\"application\/ld+json\" class=\"yoast-schema-graph\">{\"@context\":\"https:\\\/\\\/schema.org\",\"@graph\":[{\"@type\":\"Article\",\"@id\":\"https:\\\/\\\/www.borgodepazzi.com\\\/fi\\\/senza-categoria\\\/avoin-paiva-francesca-frainodin-kanssa#article\",\"isPartOf\":{\"@id\":\"https:\\\/\\\/www.borgodepazzi.com\\\/fi\\\/senza-categoria\\\/avoin-paiva-francesca-frainodin-kanssa\"},\"author\":{\"name\":\"admin\",\"@id\":\"https:\\\/\\\/www.borgodepazzi.com\\\/es\\\/#\\\/schema\\\/person\\\/c97399a6181b5a26bcea48126ba98386\"},\"headline\":\"AVOIN P\u00c4IV\u00c4 FRANCESCA FRAINODIn kanssa\",\"datePublished\":\"2026-04-27T14:20:46+00:00\",\"dateModified\":\"2026-04-27T14:20:47+00:00\",\"mainEntityOfPage\":{\"@id\":\"https:\\\/\\\/www.borgodepazzi.com\\\/fi\\\/senza-categoria\\\/avoin-paiva-francesca-frainodin-kanssa\"},\"wordCount\":46,\"publisher\":{\"@id\":\"https:\\\/\\\/www.borgodepazzi.com\\\/es\\\/#organization\"},\"image\":{\"@id\":\"https:\\\/\\\/www.borgodepazzi.com\\\/fi\\\/senza-categoria\\\/avoin-paiva-francesca-frainodin-kanssa#primaryimage\"},\"thumbnailUrl\":\"https:\\\/\\\/www.borgodepazzi.com\\\/wp-content\\\/uploads\\\/2026\\\/03\\\/WhatsApp-Image-2026-03-25-at-15.08.34.jpeg\",\"articleSection\":[\"Senza categoria\"],\"inLanguage\":\"fi-FI\"},{\"@type\":\"WebPage\",\"@id\":\"https:\\\/\\\/www.borgodepazzi.com\\\/fi\\\/senza-categoria\\\/avoin-paiva-francesca-frainodin-kanssa\",\"url\":\"https:\\\/\\\/www.borgodepazzi.com\\\/fi\\\/senza-categoria\\\/avoin-paiva-francesca-frainodin-kanssa\",\"name\":\"Borgo de' Pazzi Firenze\",\"isPartOf\":{\"@id\":\"https:\\\/\\\/www.borgodepazzi.com\\\/es\\\/#website\"},\"primaryImageOfPage\":{\"@id\":\"https:\\\/\\\/www.borgodepazzi.com\\\/fi\\\/senza-categoria\\\/avoin-paiva-francesca-frainodin-kanssa#primaryimage\"},\"image\":{\"@id\":\"https:\\\/\\\/www.borgodepazzi.com\\\/fi\\\/senza-categoria\\\/avoin-paiva-francesca-frainodin-kanssa#primaryimage\"},\"thumbnailUrl\":\"https:\\\/\\\/www.borgodepazzi.com\\\/wp-content\\\/uploads\\\/2026\\\/03\\\/WhatsApp-Image-2026-03-25-at-15.08.34.jpeg\",\"datePublished\":\"2026-04-27T14:20:46+00:00\",\"dateModified\":\"2026-04-27T14:20:47+00:00\",\"description\":\"Natural fibers yarns since 1978\",\"breadcrumb\":{\"@id\":\"https:\\\/\\\/www.borgodepazzi.com\\\/fi\\\/senza-categoria\\\/avoin-paiva-francesca-frainodin-kanssa#breadcrumb\"},\"inLanguage\":\"fi-FI\",\"potentialAction\":[{\"@type\":\"ReadAction\",\"target\":[\"https:\\\/\\\/www.borgodepazzi.com\\\/fi\\\/senza-categoria\\\/avoin-paiva-francesca-frainodin-kanssa\"]}]},{\"@type\":\"ImageObject\",\"inLanguage\":\"fi-FI\",\"@id\":\"https:\\\/\\\/www.borgodepazzi.com\\\/fi\\\/senza-categoria\\\/avoin-paiva-francesca-frainodin-kanssa#primaryimage\",\"url\":\"https:\\\/\\\/www.borgodepazzi.com\\\/wp-content\\\/uploads\\\/2026\\\/03\\\/WhatsApp-Image-2026-03-25-at-15.08.34.jpeg\",\"contentUrl\":\"https:\\\/\\\/www.borgodepazzi.com\\\/wp-content\\\/uploads\\\/2026\\\/03\\\/WhatsApp-Image-2026-03-25-at-15.08.34.jpeg\",\"width\":1536,\"height\":2048},{\"@type\":\"BreadcrumbList\",\"@id\":\"https:\\\/\\\/www.borgodepazzi.com\\\/fi\\\/senza-categoria\\\/avoin-paiva-francesca-frainodin-kanssa#breadcrumb\",\"itemListElement\":[{\"@type\":\"ListItem\",\"position\":1,\"name\":\"Home\",\"item\":\"https:\\\/\\\/www.borgodepazzi.com\\\/es\"},{\"@type\":\"ListItem\",\"position\":2,\"name\":\"AVOIN P\u00c4IV\u00c4 FRANCESCA FRAINODIn kanssa\"}]},{\"@type\":\"WebSite\",\"@id\":\"https:\\\/\\\/www.borgodepazzi.com\\\/es\\\/#website\",\"url\":\"https:\\\/\\\/www.borgodepazzi.com\\\/es\\\/\",\"name\":\"Borgo de&#039; Pazzi - Firenze\",\"description\":\"Produzione e vendita all&#039;ingrosso di filati per il fatto a mano\",\"publisher\":{\"@id\":\"https:\\\/\\\/www.borgodepazzi.com\\\/es\\\/#organization\"},\"potentialAction\":[{\"@type\":\"SearchAction\",\"target\":{\"@type\":\"EntryPoint\",\"urlTemplate\":\"https:\\\/\\\/www.borgodepazzi.com\\\/es\\\/?s={search_term_string}\"},\"query-input\":{\"@type\":\"PropertyValueSpecification\",\"valueRequired\":true,\"valueName\":\"search_term_string\"}}],\"inLanguage\":\"fi-FI\"},{\"@type\":\"Organization\",\"@id\":\"https:\\\/\\\/www.borgodepazzi.com\\\/es\\\/#organization\",\"name\":\"Effe Elle srl\",\"url\":\"https:\\\/\\\/www.borgodepazzi.com\\\/es\\\/\",\"logo\":{\"@type\":\"ImageObject\",\"inLanguage\":\"fi-FI\",\"@id\":\"https:\\\/\\\/www.borgodepazzi.com\\\/es\\\/#\\\/schema\\\/logo\\\/image\\\/\",\"url\":\"https:\\\/\\\/www.borgodepazzi.com\\\/wp-content\\\/uploads\\\/2015\\\/12\\\/borgo2.jpg\",\"contentUrl\":\"https:\\\/\\\/www.borgodepazzi.com\\\/wp-content\\\/uploads\\\/2015\\\/12\\\/borgo2.jpg\",\"width\":729,\"height\":400,\"caption\":\"Effe Elle srl\"},\"image\":{\"@id\":\"https:\\\/\\\/www.borgodepazzi.com\\\/es\\\/#\\\/schema\\\/logo\\\/image\\\/\"},\"sameAs\":[\"https:\\\/\\\/www.facebook.com\\\/BorgoDePazziFIrenze\\\/\",\"https:\\\/\\\/x.com\\\/BorgodePazzi\",\"http:\\\/\\\/ilsigna\"]},{\"@type\":\"Person\",\"@id\":\"https:\\\/\\\/www.borgodepazzi.com\\\/es\\\/#\\\/schema\\\/person\\\/c97399a6181b5a26bcea48126ba98386\",\"name\":\"admin\",\"url\":\"https:\\\/\\\/www.borgodepazzi.com\\\/fi\\\/author\\\/admin\"}]}<\/script>\n<!-- \/ Yoast SEO plugin. -->","yoast_head_json":{"title":"Borgo de' Pazzi Firenze","description":"Natural fibers yarns since 1978","robots":{"index":"index","follow":"follow","max-snippet":"max-snippet:-1","max-image-preview":"max-image-preview:large","max-video-preview":"max-video-preview:-1"},"canonical":"https:\/\/www.borgodepazzi.com\/fi\/senza-categoria\/avoin-paiva-francesca-frainodin-kanssa","og_locale":"fi_FI","og_type":"article","og_title":"Borgo de' Pazzi Firenze","og_url":"https:\/\/www.borgodepazzi.com\/fi\/senza-categoria\/avoin-paiva-francesca-frainodin-kanssa","og_site_name":"Borgo de&#039; Pazzi - Firenze","article_publisher":"https:\/\/www.facebook.com\/BorgoDePazziFIrenze\/","article_published_time":"2026-04-27T14:20:46+00:00","article_modified_time":"2026-04-27T14:20:47+00:00","og_image":[{"width":1536,"height":2048,"url":"https:\/\/www.borgodepazzi.com\/wp-content\/uploads\/2026\/03\/WhatsApp-Image-2026-03-25-at-15.08.34.jpeg","type":"image\/jpeg"}],"author":"admin","twitter_card":"summary_large_image","twitter_creator":"@BorgodePazzi","twitter_site":"@BorgodePazzi","twitter_misc":{"Written by":"admin"},"schema":{"@context":"https:\/\/schema.org","@graph":[{"@type":"Article","@id":"https:\/\/www.borgodepazzi.com\/fi\/senza-categoria\/avoin-paiva-francesca-frainodin-kanssa#article","isPartOf":{"@id":"https:\/\/www.borgodepazzi.com\/fi\/senza-categoria\/avoin-paiva-francesca-frainodin-kanssa"},"author":{"name":"admin","@id":"https:\/\/www.borgodepazzi.com\/es\/#\/schema\/person\/c97399a6181b5a26bcea48126ba98386"},"headline":"AVOIN P\u00c4IV\u00c4 FRANCESCA FRAINODIn kanssa","datePublished":"2026-04-27T14:20:46+00:00","dateModified":"2026-04-27T14:20:47+00:00","mainEntityOfPage":{"@id":"https:\/\/www.borgodepazzi.com\/fi\/senza-categoria\/avoin-paiva-francesca-frainodin-kanssa"},"wordCount":46,"publisher":{"@id":"https:\/\/www.borgodepazzi.com\/es\/#organization"},"image":{"@id":"https:\/\/www.borgodepazzi.com\/fi\/senza-categoria\/avoin-paiva-francesca-frainodin-kanssa#primaryimage"},"thumbnailUrl":"https:\/\/www.borgodepazzi.com\/wp-content\/uploads\/2026\/03\/WhatsApp-Image-2026-03-25-at-15.08.34.jpeg","articleSection":["Senza categoria"],"inLanguage":"fi-FI"},{"@type":"WebPage","@id":"https:\/\/www.borgodepazzi.com\/fi\/senza-categoria\/avoin-paiva-francesca-frainodin-kanssa","url":"https:\/\/www.borgodepazzi.com\/fi\/senza-categoria\/avoin-paiva-francesca-frainodin-kanssa","name":"Borgo de' Pazzi Firenze","isPartOf":{"@id":"https:\/\/www.borgodepazzi.com\/es\/#website"},"primaryImageOfPage":{"@id":"https:\/\/www.borgodepazzi.com\/fi\/senza-categoria\/avoin-paiva-francesca-frainodin-kanssa#primaryimage"},"image":{"@id":"https:\/\/www.borgodepazzi.com\/fi\/senza-categoria\/avoin-paiva-francesca-frainodin-kanssa#primaryimage"},"thumbnailUrl":"https:\/\/www.borgodepazzi.com\/wp-content\/uploads\/2026\/03\/WhatsApp-Image-2026-03-25-at-15.08.34.jpeg","datePublished":"2026-04-27T14:20:46+00:00","dateModified":"2026-04-27T14:20:47+00:00","description":"Natural fibers yarns since 1978","breadcrumb":{"@id":"https:\/\/www.borgodepazzi.com\/fi\/senza-categoria\/avoin-paiva-francesca-frainodin-kanssa#breadcrumb"},"inLanguage":"fi-FI","potentialAction":[{"@type":"ReadAction","target":["https:\/\/www.borgodepazzi.com\/fi\/senza-categoria\/avoin-paiva-francesca-frainodin-kanssa"]}]},{"@type":"ImageObject","inLanguage":"fi-FI","@id":"https:\/\/www.borgodepazzi.com\/fi\/senza-categoria\/avoin-paiva-francesca-frainodin-kanssa#primaryimage","url":"https:\/\/www.borgodepazzi.com\/wp-content\/uploads\/2026\/03\/WhatsApp-Image-2026-03-25-at-15.08.34.jpeg","contentUrl":"https:\/\/www.borgodepazzi.com\/wp-content\/uploads\/2026\/03\/WhatsApp-Image-2026-03-25-at-15.08.34.jpeg","width":1536,"height":2048},{"@type":"BreadcrumbList","@id":"https:\/\/www.borgodepazzi.com\/fi\/senza-categoria\/avoin-paiva-francesca-frainodin-kanssa#breadcrumb","itemListElement":[{"@type":"ListItem","position":1,"name":"Home","item":"https:\/\/www.borgodepazzi.com\/es"},{"@type":"ListItem","position":2,"name":"AVOIN P\u00c4IV\u00c4 FRANCESCA FRAINODIn kanssa"}]},{"@type":"WebSite","@id":"https:\/\/www.borgodepazzi.com\/es\/#website","url":"https:\/\/www.borgodepazzi.com\/es\/","name":"Borgo de&#039; Pazzi - Firenze","description":"Produzione e vendita all&#039;ingrosso di filati per il fatto a mano","publisher":{"@id":"https:\/\/www.borgodepazzi.com\/es\/#organization"},"potentialAction":[{"@type":"SearchAction","target":{"@type":"EntryPoint","urlTemplate":"https:\/\/www.borgodepazzi.com\/es\/?s={search_term_string}"},"query-input":{"@type":"PropertyValueSpecification","valueRequired":true,"valueName":"search_term_string"}}],"inLanguage":"fi-FI"},{"@type":"Organization","@id":"https:\/\/www.borgodepazzi.com\/es\/#organization","name":"Effe Elle srl","url":"https:\/\/www.borgodepazzi.com\/es\/","logo":{"@type":"ImageObject","inLanguage":"fi-FI","@id":"https:\/\/www.borgodepazzi.com\/es\/#\/schema\/logo\/image\/","url":"https:\/\/www.borgodepazzi.com\/wp-content\/uploads\/2015\/12\/borgo2.jpg","contentUrl":"https:\/\/www.borgodepazzi.com\/wp-content\/uploads\/2015\/12\/borgo2.jpg","width":729,"height":400,"caption":"Effe Elle srl"},"image":{"@id":"https:\/\/www.borgodepazzi.com\/es\/#\/schema\/logo\/image\/"},"sameAs":["https:\/\/www.facebook.com\/BorgoDePazziFIrenze\/","https:\/\/x.com\/BorgodePazzi","http:\/\/ilsigna"]},{"@type":"Person","@id":"https:\/\/www.borgodepazzi.com\/es\/#\/schema\/person\/c97399a6181b5a26bcea48126ba98386","name":"admin","url":"https:\/\/www.borgodepazzi.com\/fi\/author\/admin"}]}},"_links":{"self":[{"href":"https:\/\/www.borgodepazzi.com\/fi\/wp-json\/wp\/v2\/posts\/106497","targetHints":{"allow":["GET"]}}],"collection":[{"href":"https:\/\/www.borgodepazzi.com\/fi\/wp-json\/wp\/v2\/posts"}],"about":[{"href":"https:\/\/www.borgodepazzi.com\/fi\/wp-json\/wp\/v2\/types\/post"}],"author":[{"embeddable":true,"href":"https:\/\/www.borgodepazzi.com\/fi\/wp-json\/wp\/v2\/users\/1"}],"replies":[{"embeddable":true,"href":"https:\/\/www.borgodepazzi.com\/fi\/wp-json\/wp\/v2\/comments?post=106497"}],"version-history":[{"count":1,"href":"https:\/\/www.borgodepazzi.com\/fi\/wp-json\/wp\/v2\/posts\/106497\/revisions"}],"predecessor-version":[{"id":106499,"href":"https:\/\/www.borgodepazzi.com\/fi\/wp-json\/wp\/v2\/posts\/106497\/revisions\/106499"}],"wp:featuredmedia":[{"embeddable":true,"href":"https:\/\/www.borgodepazzi.com\/fi\/wp-json\/wp\/v2\/media\/106498"}],"wp:attachment":[{"href":"https:\/\/www.borgodepazzi.com\/fi\/wp-json\/wp\/v2\/media?parent=106497"}],"wp:term":[{"taxonomy":"category","embeddable":true,"href":"https:\/\/www.borgodepazzi.com\/fi\/wp-json\/wp\/v2\/categories?post=106497"},{"taxonomy":"post_tag","embeddable":true,"href":"https:\/\/www.borgodepazzi.com\/fi\/wp-json\/wp\/v2\/tags?post=106497"}],"curies":[{"name":"wp","href":"https:\/\/api.w.org\/{rel}","templated":true}]}}